{"id":513,"date":"2018-12-30T19:41:42","date_gmt":"2018-12-30T19:41:42","guid":{"rendered":"http:\/\/generic.wordpress.soton.ac.uk\/skywritings\/?p=513"},"modified":"2018-12-30T19:41:42","modified_gmt":"2018-12-30T19:41:42","slug":"eszme-es-fizikum","status":"publish","type":"post","link":"https:\/\/generic.wordpress.soton.ac.uk\/skywritings\/2018\/12\/30\/eszme-es-fizikum\/","title":{"rendered":"Eszme \u00e9s fizikum"},"content":{"rendered":"<p><a href=\"http:\/\/bookline.hu\/search\/search!execute.action?category=hu-oldbook_026_normal_220&amp;__checkbox_searchInCategory=true&amp;tree=hu-oldbook&amp;inner=true&amp;searchfield=Hesslein&amp;tabname=antikvarium\"><img loading=\"lazy\" decoding=\"async\" class=\"size-full wp-image-514 alignright\" src=\"http:\/\/generic.wordpress.soton.ac.uk\/skywritings\/wp-content\/uploads\/sites\/287\/2018\/12\/henrik2.jpg\" alt=\"\" width=\"98\" height=\"150\" \/><\/a>Dr. Hesslein Henrik:<b><br \/>\n<span style=\"color: #0000ff\"><a href=\"http:\/\/bookline.hu\/search\/search!execute.action?category=hu-oldbook_026_normal_220&amp;__checkbox_searchInCategory=true&amp;tree=hu-oldbook&amp;inner=true&amp;searchfield=Hesslein&amp;tabname=antikvarium\"><em>Eszm\u00e9nyek \u00e9s \u00e9rdekek, szociol\u00f3giai tanulm\u00e1ny<\/em><\/a><\/span>.<br \/>\n<\/b>Athenaeum, 1908.<\/p>\n<p>\u00d6t tanulm\u00e1ny a hitr\u0151l, a t\u00f6rt\u00e9nelem tan\u00edt\u00e1s\u00e1r\u00f3l, az er\u0151r\u0151l \u00e9s az anyagr\u00f3l, az eszm\u00e9nyekr\u0151l \u00e9s \u00e9rdekekr\u0151l.<\/p>\n<p>\u201eA term\u00e9szet teremtette az \u00f6nz\u00e9st \u00e9s a szeretetet, hogy az ember el\u00e9rje az \u00f6nc\u00e9lt \u00e9s megk\u00f6zel\u00edthesse a k\u00f6zc\u00e9lt. Ezen term\u00e9szetes eszmei eszk\u00f6z\u00f6k is, mint maga az ember \u00e9s a l\u00e9lek, term\u00e9szetes \u00faton j\u00f6ttek l\u00e9tre. Minden \u00f6nfentart\u00e1si \u00e9s fajfentart\u00e1si eszk\u00f6znek, m\u00f3dnak, eszm\u00e9nek \u0151sapja a fizikai kapcsol\u00f3d\u00e1s. A neh\u00e9zkess\u00e9g nagy t\u00f6rv\u00e9nye \u00e9s az ezen t\u00f6rv\u00e9ny alatt \u00e1ll\u00f3 vonz\u00e1s \u00e9s tasz\u00edt\u00e1s, a rugalmass\u00e1g, az \u00f6sszhang \u00e9s az egyens\u00faly \u2014 ezek az \u0151sere- deti alapt\u00f6rv\u00e9nyek, egyben alapzata az emberi l\u00e9tnek \u00e9s rendnek is. Mindezt \u00e1thatja a nagy term\u00e9szet csod\u00e1s \u00e9rdekszer\u0171s\u00e9ge, melyb\u0151l kisarjadzott az emberi \u00e9rdek is. Az \u00e9rdekszer\u0171s\u00e9g magasabb szf\u00e9r\u00e1ja az eszme. Puszta eszm\u00e9nyb\u0151l nem \u00e9l meg sem az egy\u00e9n, sem a t\u00e1rsadalom, a puszta \u00e9rdek felfaln\u00e1 a t\u00e1rsadalmat is, az egy\u00e9nt is. M\u00e1sr\u00e9szt az eszm\u00e9ben is van \u00e9rdek, az \u00e9rdekb\u0151l is kiv\u00e1lik az eszme. Ez a kiv\u00e1l\u00e1s nem egy\u00e9b, mint a term\u00e9szetes \u00e9rdekszer\u0171- s\u00e9gnek az emberi \u00e9leten \u00e1t is kit\u00f6r\u0151 fens\u00e9ges evol\u00faci\u00f3ja.<\/p>\n<blockquote>\n<blockquote><p><b><a href=\"http:\/\/www.antikva.hu\/onan\/reszletek.jsp?konyv=hernad_henrik_eszme_es_fizikum&amp;katalogusid=46012\"><img loading=\"lazy\" decoding=\"async\" class=\"size-medium wp-image-515 alignright\" src=\"http:\/\/generic.wordpress.soton.ac.uk\/skywritings\/wp-content\/uploads\/sites\/287\/2018\/12\/hernad-henrik-213x300.jpg\" alt=\"\" width=\"213\" height=\"300\" srcset=\"https:\/\/generic.wordpress.soton.ac.uk\/skywritings\/wp-content\/uploads\/sites\/287\/2018\/12\/hernad-henrik-213x300.jpg 213w, https:\/\/generic.wordpress.soton.ac.uk\/skywritings\/wp-content\/uploads\/sites\/287\/2018\/12\/hernad-henrik.jpg 418w\" sizes=\"auto, (max-width: 213px) 100vw, 213px\" \/><\/a><\/b>Hern\u00e1d Henrik<b><br \/>\n<i><a href=\"http:\/\/www.antikva.hu\/onan\/reszletek.jsp?konyv=hernad_henrik_eszme_es_fizikum&amp;katalogusid=46012\">Eszme \u00e9s fizikum<\/a><\/i><br \/>\n<\/b>Budapest, 1934<br \/>\nKellner \u00e9s Kiss<br \/>\nFiloz\u00f3fia<\/p><\/blockquote>\n<\/blockquote>\n<p><a href=\"http:\/\/www.antikva.hu\/onan\/reszletek.jsp?konyv=hernad_henrik_eszme_es_fizikum&amp;katalogusid=46012\">\u00a0<\/a><\/p>\n","protected":false},"excerpt":{"rendered":"<p>Dr. Hesslein Henrik: Eszm\u00e9nyek \u00e9s \u00e9rdekek, szociol\u00f3giai tanulm\u00e1ny. Athenaeum, 1908. \u00d6t tanulm\u00e1ny a hitr\u0151l, a t\u00f6rt\u00e9nelem tan\u00edt\u00e1s\u00e1r\u00f3l, az er\u0151r\u0151l \u00e9s az anyagr\u00f3l, az eszm\u00e9nyekr\u0151l \u00e9s \u00e9rdekekr\u0151l. \u201eA term\u00e9szet teremtette az \u00f6nz\u00e9st \u00e9s a szeretetet, hogy az ember el\u00e9rje az \u00f6nc\u00e9lt \u00e9s megk\u00f6zel\u00edthesse a k\u00f6zc\u00e9lt. Ezen term\u00e9szetes eszmei eszk\u00f6z\u00f6k is, mint maga az ember \u00e9s a &hellip; <\/p>\n<p class=\"link-more\"><a href=\"https:\/\/generic.wordpress.soton.ac.uk\/skywritings\/2018\/12\/30\/eszme-es-fizikum\/\" class=\"more-link\">Continue reading<span class=\"screen-reader-text\"> &#8220;Eszme \u00e9s fizikum&#8221;<\/span><\/a><\/p>\n","protected":false},"author":3074,"featured_media":0,"comment_status":"open","ping_status":"open","sticky":false,"template":"","format":"standard","meta":{"footnotes":""},"categories":[1],"tags":[],"class_list":["post-513","post","type-post","status-publish","format-standard","hentry","category-uncategorised"],"jetpack_featured_media_url":"","_links":{"self":[{"href":"https:\/\/generic.wordpress.soton.ac.uk\/skywritings\/wp-json\/wp\/v2\/posts\/513","targetHints":{"allow":["GET"]}}],"collection":[{"href":"https:\/\/generic.wordpress.soton.ac.uk\/skywritings\/wp-json\/wp\/v2\/posts"}],"about":[{"href":"https:\/\/generic.wordpress.soton.ac.uk\/skywritings\/wp-json\/wp\/v2\/types\/post"}],"author":[{"embeddable":true,"href":"https:\/\/generic.wordpress.soton.ac.uk\/skywritings\/wp-json\/wp\/v2\/users\/3074"}],"replies":[{"embeddable":true,"href":"https:\/\/generic.wordpress.soton.ac.uk\/skywritings\/wp-json\/wp\/v2\/comments?post=513"}],"version-history":[{"count":1,"href":"https:\/\/generic.wordpress.soton.ac.uk\/skywritings\/wp-json\/wp\/v2\/posts\/513\/revisions"}],"predecessor-version":[{"id":516,"href":"https:\/\/generic.wordpress.soton.ac.uk\/skywritings\/wp-json\/wp\/v2\/posts\/513\/revisions\/516"}],"wp:attachment":[{"href":"https:\/\/generic.wordpress.soton.ac.uk\/skywritings\/wp-json\/wp\/v2\/media?parent=513"}],"wp:term":[{"taxonomy":"category","embeddable":true,"href":"https:\/\/generic.wordpress.soton.ac.uk\/skywritings\/wp-json\/wp\/v2\/categories?post=513"},{"taxonomy":"post_tag","embeddable":true,"href":"https:\/\/generic.wordpress.soton.ac.uk\/skywritings\/wp-json\/wp\/v2\/tags?post=513"}],"curies":[{"name":"wp","href":"https:\/\/api.w.org\/{rel}","templated":true}]}}