{"id":1167,"date":"2019-01-21T15:19:59","date_gmt":"2019-01-21T15:19:59","guid":{"rendered":"http:\/\/generic.wordpress.soton.ac.uk\/skywritings\/?p=1167"},"modified":"2019-01-21T15:20:58","modified_gmt":"2019-01-21T15:20:58","slug":"1167","status":"publish","type":"post","link":"https:\/\/generic.wordpress.soton.ac.uk\/skywritings\/2019\/01\/21\/1167\/","title":{"rendered":"Mort de Grady"},"content":{"rendered":"<p><b>Montr\u00e9alais et Montr\u00e9alaises:<br \/>\nvoulez-vous un ROD\u00c9O \u00e0 MONTR\u00c9AL<br \/>\nANN\u00c9E apr\u00e8s ANN\u00c9E?<i><\/p>\n<blockquote><p>Montrealers<br \/>\nDo you want a RODEO in MONTREAL<br \/>\nYEAR after YEAR?<\/p><\/blockquote>\n<\/blockquote>\n<p><\/b><\/i><\/p>\n<p><img width='500' height='399' border='0' hspace='5' src='\/~totl\/skywritings\/uploads\/codeo2.jpg' alt='' \/><\/p>\n<p>Alors que plusieurs villes et \u00c9tats dans le monde <a href=\"https:\/\/www.sharkonline.org\/index.php\/animal-cruelty\/rodeo-cruelty\/755-locations-with-prohibitions-or-restrictions-on-rodeos-or-rodeo-events\">bannissent le rod\u00e9o<\/a> en raison de la <b>souffrance animale<\/b> qui en r\u00e9sulte, se tiendra \u00e0 Montr\u00e9al, dans deux semaines, la \u00ab <a href=\"https:\/\/www.pressreader.com\/canada\/le-journal-de-montreal\/20170506\/281951722726770\">premi\u00e8re \u00e9dition<\/a> \u00bb du nouveau <a href=\"https:\/\/www.nomadfest.ca\">rod\u00e9o urbain<\/a> destin\u00e9e \u00e0 souligner le 375\u00e8me anniversaire de la ville\u2026 <\/p>\n<p>\u00a7\u00a7\u00a7 <em>While several cities and states worldwide are <a href=\"https:\/\/www.sharkonline.org\/index.php\/animal-cruelty\/rodeo-cruelty\/755-locations-with-prohibitions-or-restrictions-on-rodeos-or-rodeo-events\">outlawing rodeos<\/a> because of the <b>suffering<\/b> they cause, in Montreal, in two weeks, there will be the &#8220;<a href=\"http:\/\/www.newswire.ca\/news-releases\/montreals-375th-anniversary---august-24-to-27-2017---a-country-festival-in-the-heart-of-the-city-the-nomadfest-urban-rodeo-gallops-into-montreal-601313795.html\">first edition<\/a>&#8221; of a new &#8220;<a href=\"https:\/\/www.nomadfest.ca\/en\/\">urban rodeo<\/a>&#8221; to celebrate the city\u2019s 375th anniversary\u2026<\/em><\/p>\n<p>La <a href=\"http:\/\/www.journaldemontreal.com\/2014\/04\/28\/un-paradis-mondial-de-la-cruaute\">r\u00e9putation<\/a> globale de Montr\u00e9al en mati\u00e8re de bien-\u00eatre animal s\u2019en trouvera assur\u00e9ment entach\u00e9e. <\/p>\n<blockquote><p><em>Montreal\u2019s global <a href=\"http:\/\/nationalpost.com\/news\/canada\/whoa-boy-animal-rights-defenders-tell-mayor-denis-coderre-to-back-off-on-montreal-rodeo\/wcm\/e4597d17-fa54-4a37-a3ab-fc5d449012f2\">reputation<\/a> in matters of animal well-being will certainly find itself stained\u2026<\/em><\/p><\/blockquote>\n<p>Visiblement, le maire de Montr\u00e9al ne s\u2019en formalise pas :<\/p>\n<blockquote><p> <em>Obviously the mayor of Montreal has no problem with this (video is in French):<\/em><\/p><\/blockquote>\n<p><\/b><\/p>\n<p><iframe loading=\"lazy\" title=\"CoderreGrady\" width=\"525\" height=\"295\" src=\"https:\/\/www.youtube.com\/embed\/GBHVNjkmhcY?feature=oembed\" frameborder=\"0\" allow=\"accelerometer; autoplay; clipboard-write; encrypted-media; gyroscope; picture-in-picture; web-share\" referrerpolicy=\"strict-origin-when-cross-origin\" allowfullscreen><\/iframe><\/p>\n<p>Et qu\u2019un <b>cheval meurt<\/b> lors d\u2019une \u00e9preuve de monte extr\u00eame du m\u00eame fournisseur de rod\u00e9os (St-Tite) trois mois avant son \u00ab rod\u00e9o urbain \u00bb <a href=\"http:\/\/ici.radio-canada.ca\/nouvelle\/1036460\/cheval-blessure-mortelle-rodeo-saint-tite\">ne le perturbe aucunement<\/a>&#8230; <\/p>\n<blockquote><p><em>And the fact that a <b>horse dies<\/b> in a bronco-riding trial from the same rodeo producer (St-Tite) three months before his \u201curbain rodeo\u201d <a href=\"http:\/\/www.cbc.ca\/news\/canada\/montreal\/end-of-story-says-coderre-urban-rodeo-coming-to-montreal-for-375th-anniversary-1.4118459\">does not trouble him either<\/a>\u2026<\/em><\/p><\/blockquote>\n<p><iframe loading=\"lazy\" title=\"MortGrady5\" width=\"525\" height=\"295\" src=\"https:\/\/www.youtube.com\/embed\/VxojaV2yzK0?feature=oembed\" frameborder=\"0\" allow=\"accelerometer; autoplay; clipboard-write; encrypted-media; gyroscope; picture-in-picture; web-share\" referrerpolicy=\"strict-origin-when-cross-origin\" allowfullscreen><\/iframe><\/p>\n<p>Grady, 6 ans,<b> s\u2019est fractur\u00e9 la colonne vert\u00e9brale<\/b> en raison d\u2019une \u00ab<a href=\"http:\/\/ici.radio-canada.ca\/nouvelle\/1046040\/animaux-bien-etre-maltraitance-rodeo-fracture-anomalie\"> zone de faiblesse <\/a>\u00bb qui n\u2019a pas \u00e9t\u00e9 d\u00e9tect\u00e9e au pr\u00e9alable, malgr\u00e9 les pr\u00e9cautions que disent prendre les v\u00e9t\u00e9rinaires mandat\u00e9s par le Rod\u00e9o de St-Tite. Si Grady n\u2019avait pas \u00e9t\u00e9 soumis au rod\u00e9o, <b>il serait encore en vie aujourd\u2019hui<\/b>.<\/p>\n<blockquote><p><i>Grady, age six, broke his back because of  a &#8220;weak area of his spine&#8221; which was not detected in advance, despite all the precautions that the St-Tite Rodeo&#8217;s veterinarians boast of taking: If he had not been forced to perform in rodeos, Grady would still be alive today.<\/i><\/p><\/blockquote>\n<p>NOUS AVONS BESOIN DE VOUS pour ramener le maire Coderre \u00e0 la raison\u00a0&#8212; en d\u00e9montrant que le rod\u00e9o est insoutenable et ill\u00e9gal !<br \/>\nMerci de soutenir notre campagne de financement\u00a0(voir ci-dessous)<\/b><\/p>\n<blockquote><p><b><i>WE NEED YOU to bring mayor Coderre back to reason &#8212; by proving the rodeo is untenable and illegal  !<br \/>\nThank you for supporting our funding campaign (see below)<\/p><\/blockquote>\n<p><\/b><\/i><\/p>\n","protected":false},"excerpt":{"rendered":"<p>Montr\u00e9alais et Montr\u00e9alaises: voulez-vous un ROD\u00c9O \u00e0 MONTR\u00c9AL ANN\u00c9E apr\u00e8s ANN\u00c9E? Montrealers Do you want a RODEO in MONTREAL YEAR after YEAR? Alors que plusieurs villes et \u00c9tats dans le monde bannissent le rod\u00e9o en raison de la souffrance animale qui en r\u00e9sulte, se tiendra \u00e0 Montr\u00e9al, dans deux semaines, la \u00ab premi\u00e8re \u00e9dition \u00bb &hellip; <\/p>\n<p class=\"link-more\"><a href=\"https:\/\/generic.wordpress.soton.ac.uk\/skywritings\/2019\/01\/21\/1167\/\" class=\"more-link\">Continue reading<span class=\"screen-reader-text\"> &#8220;Mort de Grady&#8221;<\/span><\/a><\/p>\n","protected":false},"author":3074,"featured_media":0,"comment_status":"open","ping_status":"open","sticky":false,"template":"","format":"standard","meta":{"footnotes":""},"categories":[1],"tags":[],"class_list":["post-1167","post","type-post","status-publish","format-standard","hentry","category-uncategorised"],"jetpack_featured_media_url":"","_links":{"self":[{"href":"https:\/\/generic.wordpress.soton.ac.uk\/skywritings\/wp-json\/wp\/v2\/posts\/1167","targetHints":{"allow":["GET"]}}],"collection":[{"href":"https:\/\/generic.wordpress.soton.ac.uk\/skywritings\/wp-json\/wp\/v2\/posts"}],"about":[{"href":"https:\/\/generic.wordpress.soton.ac.uk\/skywritings\/wp-json\/wp\/v2\/types\/post"}],"author":[{"embeddable":true,"href":"https:\/\/generic.wordpress.soton.ac.uk\/skywritings\/wp-json\/wp\/v2\/users\/3074"}],"replies":[{"embeddable":true,"href":"https:\/\/generic.wordpress.soton.ac.uk\/skywritings\/wp-json\/wp\/v2\/comments?post=1167"}],"version-history":[{"count":3,"href":"https:\/\/generic.wordpress.soton.ac.uk\/skywritings\/wp-json\/wp\/v2\/posts\/1167\/revisions"}],"predecessor-version":[{"id":1170,"href":"https:\/\/generic.wordpress.soton.ac.uk\/skywritings\/wp-json\/wp\/v2\/posts\/1167\/revisions\/1170"}],"wp:attachment":[{"href":"https:\/\/generic.wordpress.soton.ac.uk\/skywritings\/wp-json\/wp\/v2\/media?parent=1167"}],"wp:term":[{"taxonomy":"category","embeddable":true,"href":"https:\/\/generic.wordpress.soton.ac.uk\/skywritings\/wp-json\/wp\/v2\/categories?post=1167"},{"taxonomy":"post_tag","embeddable":true,"href":"https:\/\/generic.wordpress.soton.ac.uk\/skywritings\/wp-json\/wp\/v2\/tags?post=1167"}],"curies":[{"name":"wp","href":"https:\/\/api.w.org\/{rel}","templated":true}]}}